{"id":2859,"date":"2022-02-14T08:00:35","date_gmt":"2022-02-14T06:00:35","guid":{"rendered":"https:\/\/blog.talentoteca.es\/?p=2859"},"modified":"2026-07-24T09:22:13","modified_gmt":"2026-07-24T07:22:13","slug":"preguntas-frecuentes-entrevista-trabajo","status":"publish","type":"post","link":"https:\/\/blog2.talentoteca.es\/blog\/preguntas-frecuentes-entrevista-trabajo\/","title":{"rendered":"Las 5 preguntas m\u00e1s frecuentes en una entrevista de trabajo"},"content":{"rendered":"\n<p>Antes de ir a una <a href=\"https:\/\/www.talentoteca.es\/blog\/consejos-entrevista-trabajo\/\" target=\"_blank\" rel=\"noopener\" title=\"\">entrevista de trabajo<\/a> es importante que te prepares para ella, tanto si es presencial u <a href=\"https:\/\/www.talentoteca.es\/blog\/consejos-para-preparar-una-entrevista-online\/\" target=\"_blank\" rel=\"noopener\" title=\"\">online<\/a>. Para ello es fundamental que, a parte de seguir nuestros consejos, conozcas cu\u00e1les son y c\u00f3mo responder a las preguntas frecuentes en una entrevista de trabajo. \u00a1Vamos all\u00e1!<\/p>\n\n\n\n<h2 class=\"wp-block-heading has-text-align-center\"><strong>Importancia de preparar una entrevista de trabajo<\/strong><\/h2>\n\n\n\n<p>La entrevista de trabajo es un momento clave durante un <a href=\"https:\/\/www.talentoteca.es\/blog\/destacar-en-proceso-de-seleccion\/\" target=\"_blank\" rel=\"noopener\" title=\"\">proceso de selecci\u00f3n<\/a> porque te permite diferenciarte del resto de candidatos y conseguir ese puesto de primer empleo o <a aria-label=\" (opens in a new tab)\" href=\"http:\/\/www.talentoteca.es\" target=\"_blank\" rel=\"noreferrer noopener\">pr\u00e1cticas remuneradas<\/a>. Para poder destacar, <strong>te aconsejo que te prepares para tu entrevista de trabajo siguiendo <\/strong><a href=\"https:\/\/www.talentoteca.es\/blog\/consejos-entrevista-trabajo\/\" target=\"_blank\" rel=\"noopener\" title=\"\"><strong>estos consejos<\/strong><\/a><strong> de nuestro blog.<\/strong><\/p>\n\n\n\n<ol class=\"wp-block-list\">\n<li>Investiga a la empresa.&nbsp;<\/li>\n\n\n\n<li>Razones por las que quieres trabajar ah\u00ed.&nbsp;<\/li>\n\n\n\n<li>Escoge bien las palabras.<\/li>\n\n\n\n<li>Planifica las preguntas que quieres hacer.&nbsp;<\/li>\n\n\n\n<li>Conoce y prep\u00e1rate para las preguntas frecuentes en una entrevista de trabajo.<\/li>\n<\/ol>\n\n\n\n<p>Aunque dispongas de <a href=\"https:\/\/www.talentoteca.es\/blog\/consejos-primer-cv\/\" target=\"_blank\" rel=\"noopener\" title=\"\">un buen CV<\/a>, no te conf\u00edes durante tu entrevista de trabajo y no lo dejes todo en manos de la improvisaci\u00f3n. Cuanto m\u00e1s te prepares para el momento, m\u00e1s oportunidades tendr\u00e1s de conseguir esas pr\u00e1cticas o <a href=\"https:\/\/www.talentoteca.es\/blog\/consejos-para-conseguir-tu-primer-empleo\/\" target=\"_blank\" rel=\"noopener\" title=\"\">empleo<\/a>.<\/p>\n\n\n<div class=\"wp-block-image\">\n<figure class=\"aligncenter\"><img loading=\"lazy\" decoding=\"async\" width=\"3744\" height=\"2496\" src=\"https:\/\/i0.wp.com\/www.talentoteca.es\/\/wp-content\/uploads\/2022\/02\/preguntas-en-entrevista-de-trabajo.jpg?fit=640%2C427&amp;ssl=1\" alt=\"\" class=\"wp-image-2863\" srcset=\"https:\/\/blog2.talentoteca.es\/blog\/wp-content\/uploads\/2022\/02\/preguntas-en-entrevista-de-trabajo.jpg 3744w, https:\/\/blog2.talentoteca.es\/blog\/wp-content\/uploads\/2022\/02\/preguntas-en-entrevista-de-trabajo-280x187.jpg 280w, https:\/\/blog2.talentoteca.es\/blog\/wp-content\/uploads\/2022\/02\/preguntas-en-entrevista-de-trabajo-300x200.jpg 300w, https:\/\/blog2.talentoteca.es\/blog\/wp-content\/uploads\/2022\/02\/preguntas-en-entrevista-de-trabajo-768x512.jpg 768w, https:\/\/blog2.talentoteca.es\/blog\/wp-content\/uploads\/2022\/02\/preguntas-en-entrevista-de-trabajo-1024x683.jpg 1024w, https:\/\/blog2.talentoteca.es\/blog\/wp-content\/uploads\/2022\/02\/preguntas-en-entrevista-de-trabajo-1080x720.jpg 1080w\" sizes=\"auto, (max-width: 3744px) 100vw, 3744px\" \/><\/figure><\/div>\n\n\n<h2 class=\"wp-block-heading has-text-align-center\"><strong>Tipos de preguntas en una <a href=\"https:\/\/www.talentoteca.es\/blog\/consejos-entrevista-trabajo\/\" target=\"_blank\" rel=\"noopener\" title=\"\">entrevista de trabajo<\/a><\/strong><\/h2>\n\n\n\n<h3 class=\"wp-block-heading\">1. Preguntas personales<\/h3>\n\n\n\n<p>Estas preguntas suelen ser las primeras que se formulen en una entrevista de trabajo y est\u00e1n enfocadas a romper el hielo en un primer momento y a conocerte mejor, tanto personal como profesionalmente. Aprovecha estas preguntas o la expresi\u00f3n \u201ch\u00e1blame de ti\u201d como una oportunidad para contar tus conocimientos acad\u00e9micos, tu experiencia profesional, tus habilidades o soft skills e, incluso, tus proyecciones o metas a nivel profesional. <strong>\u00a1Es tu momento de lucirte y poder diferenciarte del resto de candidatos!&nbsp;<\/strong><\/p>\n\n\n\n<p>Para no quedarte en blanco cuando te formulen estas preguntas, te recomiendo que antes de la entrevista de trabajo elabores un peque\u00f1o resumen sobre ti respondiendo a estas cuestiones. \u00a1Esto har\u00e1 que todo vaya genial (incluso si eres todo nervios)!<\/p>\n\n\n\n<p>Ejemplos de preguntas personales:&nbsp;<\/p>\n\n\n\n<ul class=\"wp-block-list\">\n<li>H\u00e1blame de ti.&nbsp;<\/li>\n\n\n\n<li>\u00bfC\u00f3mo te definir\u00edas?&nbsp;<\/li>\n\n\n\n<li>\u00bfCu\u00e1les son tus puntos fuertes y d\u00e9biles?<\/li>\n\n\n\n<li>\u00bfC\u00f3mo te ves a corto, medio y largo plazo?<\/li>\n<\/ul>\n\n\n\n<h3 class=\"wp-block-heading\">2. Preguntas sobre tu formaci\u00f3n<\/h3>\n\n\n\n<p>Otras preguntas muy frecuentes en una entrevista de trabajo son aquellas que pretenden conocer mejor qu\u00e9 has estudiado, por qu\u00e9 y, sobre todo, qu\u00e9 puedes aportar a la compa\u00f1\u00eda en ese campo. No se trata de que cuentes lo que ya pone en <a href=\"https:\/\/www.talentoteca.es\/blog\/actualizar-curriculum-vitae\/\" target=\"_blank\" rel=\"noopener\" title=\"\">tu CV<\/a>, sino que <strong>profundices en tu experiencia profesional, tus habilidades o <\/strong><a href=\"https:\/\/www.talentoteca.es\/blog\/las-competencias-profesionales-mas-valoradas\/\" target=\"_blank\" rel=\"noopener\" title=\"\"><strong>competencias<\/strong><\/a><strong>, etc.<\/strong><\/p>\n\n\n\n<p>Ejemplos de preguntas sobre tu formaci\u00f3n acad\u00e9mica:&nbsp;<\/p>\n\n\n\n<ul class=\"wp-block-list\">\n<li>\u00bfQu\u00e9 has estudiado?<\/li>\n\n\n\n<li>\u00bfPor qu\u00e9 decidiste estudiar esa carrera, curso, m\u00e1ster\u2026?<\/li>\n<\/ul>\n\n\n<div class=\"wp-block-image\">\n<figure class=\"aligncenter\"><img loading=\"lazy\" decoding=\"async\" width=\"1024\" height=\"683\" src=\"https:\/\/www.talentoteca.es\/\/wp-content\/uploads\/2022\/02\/entrevista-de-trabajo-1-1024x683.jpg\" alt=\"entrevista-de-trabajo\" class=\"wp-image-2870\" srcset=\"https:\/\/blog2.talentoteca.es\/blog\/wp-content\/uploads\/2022\/02\/entrevista-de-trabajo-1-1024x683.jpg 1024w, https:\/\/blog2.talentoteca.es\/blog\/wp-content\/uploads\/2022\/02\/entrevista-de-trabajo-1-280x187.jpg 280w, https:\/\/blog2.talentoteca.es\/blog\/wp-content\/uploads\/2022\/02\/entrevista-de-trabajo-1-300x200.jpg 300w, https:\/\/blog2.talentoteca.es\/blog\/wp-content\/uploads\/2022\/02\/entrevista-de-trabajo-1-768x512.jpg 768w, https:\/\/blog2.talentoteca.es\/blog\/wp-content\/uploads\/2022\/02\/entrevista-de-trabajo-1-1080x720.jpg 1080w\" sizes=\"auto, (max-width: 1024px) 100vw, 1024px\" \/><\/figure><\/div>\n\n\n<h3 class=\"wp-block-heading\">3. Preguntas sobre tu experiencia laboral<\/h3>\n\n\n\n<p>Este tipo de preguntas est\u00e1n <strong>dise\u00f1adas para averiguar si eres el candidato id\u00f3neo para la empresa<\/strong>. No solo demuestra la experiencia que tienes en esa \u00e1rea, sino tambi\u00e9n c\u00f3mo respondiste a las responsabilidades que ten\u00edas y qu\u00e9 aprendizajes has obtenido para el futuro. Para responder correctamente a estas preguntas, te recomiendo que no te limites a describir las funciones y responsabilidades que ten\u00edas en tu anterior puesto de trabajo; sino, sobre todo, que lo conectes con las responsabilidades que tendr\u00e1s en el puesto de trabajo para el que est\u00e1s siendo entrevistado.<\/p>\n\n\n\n<p><strong>Ejemplos de preguntas sobre tu experiencia profesional:<\/strong><\/p>\n\n\n\n<ul class=\"wp-block-list\">\n<li>\u00bfPor qu\u00e9 quieres cambiar de trabajo?<\/li>\n\n\n\n<li>\u00bfQu\u00e9 es lo que m\u00e1s y menos te gustaba de tu anterior trabajo?<\/li>\n\n\n\n<li>\u00bfQu\u00e9 metas profesionales tienes?<\/li>\n\n\n\n<li>\u00bfQu\u00e9 caracter\u00edsticas te gustar\u00eda que tuviera tu pr\u00f3ximo puesto de trabajo?<\/li>\n\n\n\n<li>\u00bfCu\u00e1l ser\u00eda el trabajo de tus sue\u00f1os?<\/li>\n<\/ul>\n\n\n\n<h3 class=\"wp-block-heading\">4. Preguntas sobre <a href=\"https:\/\/www.talentoteca.es\/blog\/las-competencias-profesionales-mas-valoradas\/\" target=\"_blank\" rel=\"noopener\" title=\"\">tus habilidades<\/a><\/h3>\n\n\n\n<p>Como ya sabr\u00e1s, contar con <strong><em>soft skills <\/em>o habilidades blandas se ha convertido en un elemento diferencial en las empresas<\/strong>. Es por ello por lo que, en las entrevistas de trabajo, los reclutadores tienen a hacer preguntas enfocadas a conocer en profundidad si el candidato tiene estas <a href=\"https:\/\/www.talentoteca.es\/blog\/las-competencias-profesionales-mas-valoradas\/\" target=\"_blank\" rel=\"noopener\" title=\"\">competencias transversales<\/a>.<\/p>\n\n\n\n<p>Para poder responder correctamente a estas preguntas, es importante que antes de la entrevista <strong>analices tus fortalezas y debilidades, identifiques por qu\u00e9 eres el candidato id\u00f3neo para ese puesto de trabajo y, sobre todo, pienses en situaciones reales<\/strong> en las que has puesto en pr\u00e1ctica esas competencias. Esto demostrar\u00e1 a los reclutadores que te conoces y, sobre todo, que est\u00e1s dispuesto a transformarte.<\/p>\n\n\n\n<p><strong>Algunas de las preguntas que pueden hacerte<\/strong> para conocer m\u00e1s sobre tus habilidades son:&nbsp;<\/p>\n\n\n\n<ul class=\"wp-block-list\">\n<li>Cuenta una situaci\u00f3n en la que tuviste que ser el l\u00edder.<\/li>\n\n\n\n<li>\u00bfC\u00f3mo responder\u00edas ante un conflicto laboral?&nbsp;<\/li>\n\n\n\n<li>\u00bfPrefieres trabajar solo o en equipo?<\/li>\n\n\n\n<li>\u00bfC\u00f3mo manejas una situaci\u00f3n de presi\u00f3n o estr\u00e9s?<\/li>\n\n\n\n<li>\u00bfTe definir\u00edas como una persona con iniciativa?&nbsp;<\/li>\n\n\n\n<li>Cu\u00e9ntame una situaci\u00f3n en la que hayas tenido que lidiar con un gran cambio.<\/li>\n<\/ul>\n\n\n<div class=\"wp-block-image\">\n<figure class=\"aligncenter\"><img loading=\"lazy\" decoding=\"async\" width=\"1024\" height=\"683\" src=\"https:\/\/www.talentoteca.es\/\/wp-content\/uploads\/2022\/02\/entrevista-trabajo_2-1024x683.jpg\" alt=\"entrevista-trabajo\" class=\"wp-image-2865\" srcset=\"https:\/\/blog2.talentoteca.es\/blog\/wp-content\/uploads\/2022\/02\/entrevista-trabajo_2-1024x683.jpg 1024w, https:\/\/blog2.talentoteca.es\/blog\/wp-content\/uploads\/2022\/02\/entrevista-trabajo_2-280x187.jpg 280w, https:\/\/blog2.talentoteca.es\/blog\/wp-content\/uploads\/2022\/02\/entrevista-trabajo_2-300x200.jpg 300w, https:\/\/blog2.talentoteca.es\/blog\/wp-content\/uploads\/2022\/02\/entrevista-trabajo_2-768x512.jpg 768w, https:\/\/blog2.talentoteca.es\/blog\/wp-content\/uploads\/2022\/02\/entrevista-trabajo_2-1080x720.jpg 1080w\" sizes=\"auto, (max-width: 1024px) 100vw, 1024px\" \/><\/figure><\/div>\n\n\n<h3 class=\"wp-block-heading\">5. Preguntas sobre la empresa<\/h3>\n\n\n\n<p>Por \u00faltimo, tambi\u00e9n es muy frecuente que el reclutador tambi\u00e9n te haga preguntas para conocer si has investigado a la empresa en la que vas a trabajar, si conoces los valores de la compa\u00f1\u00eda o los proyectos en los que est\u00e1n actualmente trabajando. Para responder a estas preguntas en una entrevista de trabajo, por lo tanto, <strong>es importante que dediques un tiempo a investigar a la empresa<\/strong> en redes sociales como <a href=\"https:\/\/www.talentoteca.es\/blog\/claves-para-tener-exito-en-linkedin\/\" target=\"_blank\" rel=\"noopener\" title=\"\">LinkedIn<\/a>, a trav\u00e9s de su p\u00e1gina web, en noticias relacionadas, etc.<\/p>\n\n\n\n<p>Ejemplos de preguntas en este bloque:&nbsp;<\/p>\n\n\n\n<ul class=\"wp-block-list\">\n<li>\u00bfPor qu\u00e9 quieres trabajar en esta compa\u00f1\u00eda?<\/li>\n\n\n\n<li>\u00bfQu\u00e9 es lo que m\u00e1s te gusta de la empresa?&nbsp;<\/li>\n\n\n\n<li>\u00bfCu\u00e1les son tus expectativas salariales?&nbsp;&nbsp;<\/li>\n<\/ul>\n\n\n\n<p><\/p>\n\n\n\n<p>5 EXTRAS SOLO POR HABER LLEGADO HASTA AQU\u00cd:::::<\/p>\n\n\n\n<h1 class=\"wp-block-heading\">Las preguntas m\u00e1s frecuentes en una entrevista de trabajo y c\u00f3mo responderlas<\/h1>\n\n\n\n<p>Preparar una entrevista de trabajo no consiste en memorizar respuestas, sino en reflexionar sobre tu experiencia, tus habilidades y lo que puedes aportar a una empresa. Aunque cada proceso de selecci\u00f3n es diferente, existen algunas preguntas que aparecen con frecuencia y para las que conviene llegar preparado.<\/p>\n\n\n\n<p>Conocer qu\u00e9 busca el entrevistador en cada una de ellas te ayudar\u00e1 a responder con mayor seguridad y naturalidad.<\/p>\n\n\n\n<h2 class=\"wp-block-heading\">&#8220;H\u00e1blame de ti&#8221;<\/h2>\n\n\n\n<p>Suele ser la pregunta con la que comienza la entrevista y marca la primera impresi\u00f3n que tendr\u00e1 el equipo de selecci\u00f3n.<\/p>\n\n\n\n<p>M\u00e1s que escuchar un repaso completo de tu curr\u00edculum, el objetivo es conocer qui\u00e9n eres, c\u00f3mo resumes tu trayectoria y cu\u00e1les son tus intereses profesionales.<\/p>\n\n\n\n<p>Una buena respuesta puede incluir:<\/p>\n\n\n\n<ul class=\"wp-block-list\">\n<li>Una breve presentaci\u00f3n personal.<\/li>\n\n\n\n<li>Tu formaci\u00f3n o experiencia m\u00e1s relevante.<\/li>\n\n\n\n<li>Qu\u00e9 tipo de oportunidades est\u00e1s buscando.<\/li>\n\n\n\n<li>Hacia d\u00f3nde te gustar\u00eda orientar tu carrera profesional.<\/li>\n<\/ul>\n\n\n\n<p>Lo importante es ofrecer un discurso claro, ordenado y aut\u00e9ntico, evitando respuestas demasiado extensas o poco estructuradas.<\/p>\n\n\n\n<h2 class=\"wp-block-heading\">&#8220;\u00bfCu\u00e1les son tus puntos fuertes y tus \u00e1reas de mejora?&#8221;<\/h2>\n\n\n\n<p>Esta pregunta pretende evaluar tu capacidad de autoconocimiento y tu actitud hacia el aprendizaje.<\/p>\n\n\n\n<p>Cuando hables de tus fortalezas, intenta apoyarlas con ejemplos reales que demuestren c\u00f3mo las has puesto en pr\u00e1ctica. No basta con decir que eres responsable o organizado; es m\u00e1s convincente explicar una situaci\u00f3n en la que esas cualidades hayan marcado la diferencia.<\/p>\n\n\n\n<p>Respecto a las \u00e1reas de mejora, evita responder que &#8220;no tienes ninguna&#8221;. Escoge aspectos en los que realmente est\u00e9s trabajando y explica qu\u00e9 est\u00e1s haciendo para seguir desarroll\u00e1ndolos.<\/p>\n\n\n\n<p>Puede resultar \u00fatil preparar previamente varias fortalezas y algunas \u00e1reas de mejora relacionadas con competencias profesionales o personales.<\/p>\n\n\n\n<h2 class=\"wp-block-heading\">&#8220;\u00bfPor qu\u00e9 quieres trabajar en esta empresa?&#8221;<\/h2>\n\n\n\n<p>Esta es una de las preguntas que m\u00e1s preparaci\u00f3n requiere antes de la entrevista.<\/p>\n\n\n\n<p>El entrevistador espera comprobar que conoces la organizaci\u00f3n y que tu inter\u00e9s va m\u00e1s all\u00e1 de haber encontrado una oferta de empleo.<\/p>\n\n\n\n<p>Antes de acudir a la entrevista, investiga aspectos como:<\/p>\n\n\n\n<ul class=\"wp-block-list\">\n<li>La actividad de la empresa.<\/li>\n\n\n\n<li>Su posici\u00f3n dentro del sector.<\/li>\n\n\n\n<li>Sus proyectos recientes.<\/li>\n\n\n\n<li>Su cultura corporativa.<\/li>\n\n\n\n<li>Sus valores y objetivos.<\/li>\n<\/ul>\n\n\n\n<p>Despu\u00e9s, relaciona esa informaci\u00f3n con tus propios intereses profesionales. Cuanto m\u00e1s personalizada sea tu respuesta, mayor credibilidad transmitir\u00e1.<\/p>\n\n\n\n<h2 class=\"wp-block-heading\">&#8220;\u00bfPor qu\u00e9 deber\u00edamos elegirte a ti?&#8221;<\/h2>\n\n\n\n<p>Esta pregunta te permite resumir aquello que te diferencia del resto de candidatos.<\/p>\n\n\n\n<p>Es un buen momento para destacar las competencias, conocimientos y experiencias que mejor encajan con el puesto, siempre relacion\u00e1ndolos con las necesidades de la empresa.<\/p>\n\n\n\n<p>Puedes apoyarte en aspectos como:<\/p>\n\n\n\n<ul class=\"wp-block-list\">\n<li>Habilidades t\u00e9cnicas.<\/li>\n\n\n\n<li>Competencias personales.<\/li>\n\n\n\n<li>Capacidad de aprendizaje.<\/li>\n\n\n\n<li>Motivaci\u00f3n.<\/li>\n\n\n\n<li>Experiencias relevantes.<\/li>\n\n\n\n<li>Logros acad\u00e9micos o profesionales.<\/li>\n<\/ul>\n\n\n\n<p>La clave est\u00e1 en explicar c\u00f3mo todo ello puede aportar valor a la organizaci\u00f3n sin caer en exageraciones o afirmaciones poco realistas.<\/p>\n\n\n\n<h2 class=\"wp-block-heading\">&#8220;\u00bfCu\u00e1les son tus expectativas salariales?&#8221;<\/h2>\n\n\n\n<p>Hablar de salario puede generar cierta incertidumbre, pero forma parte habitual de muchos procesos de selecci\u00f3n.<\/p>\n\n\n\n<p>Antes de responder conviene informarse sobre:<\/p>\n\n\n\n<ul class=\"wp-block-list\">\n<li>Los salarios habituales para ese puesto.<\/li>\n\n\n\n<li>El sector en el que opera la empresa.<\/li>\n\n\n\n<li>Tu nivel de experiencia.<\/li>\n\n\n\n<li>La responsabilidad del cargo.<\/li>\n<\/ul>\n\n\n\n<p>Siempre que sea posible, resulta recomendable plantear una horquilla salarial en lugar de una cifra cerrada. Esto demuestra flexibilidad y facilita la negociaci\u00f3n sin infravalorar tu perfil.<\/p>\n\n\n\n<h2 class=\"wp-block-heading\">Prepararse marca la diferencia<\/h2>\n\n\n\n<p>Una entrevista no busca \u00fanicamente comprobar tus conocimientos t\u00e9cnicos. Tambi\u00e9n permite evaluar tu capacidad de comunicaci\u00f3n, tu motivaci\u00f3n, tu actitud y el encaje con el equipo.<\/p>\n\n\n\n<p>Dedicar tiempo a preparar las respuestas, investigar la empresa y reflexionar sobre tu trayectoria profesional te ayudar\u00e1 a afrontar la entrevista con mayor confianza y seguridad.<\/p>\n\n\n\n<p>Recuerda que cada pregunta es una oportunidad para demostrar no solo lo que sabes hacer, sino tambi\u00e9n qui\u00e9n eres como profesional y c\u00f3mo puedes contribuir al \u00e9xito de la organizaci\u00f3n.<\/p>\n\n\n\n<h2 class=\"wp-block-heading has-text-align-center\"><strong>\u00bfQu<\/strong>\u00e9 puedes preguntar t\u00fa en una entrevista de trabajo?<\/h2>\n\n\n\n<p>Ahora que ya conoces los diferentes tipos de preguntas frecuentes en una entrevista de trabajo que pueden hacerte los reclutadores, veamos algunos ejemplos de preguntas que podr\u00edas formular t\u00fa para conocer m\u00e1s sobre el puesto de trabajo o para resolver las posibles dudas que tengas.<\/p>\n\n\n\n<ul class=\"wp-block-list\">\n<li>\u00bfHay disponibles programas de formaci\u00f3n interna?<\/li>\n\n\n\n<li>\u00bfCu\u00e1l es el horario de este puesto de trabajo?<\/li>\n\n\n\n<li>\u00bfExiste posibilidad de crecer profesionalmente en la compa\u00f1\u00eda?&nbsp;<\/li>\n\n\n\n<li>\u00bfPodr\u00edas contarme los principales retos de este puesto?<\/li>\n\n\n\n<li>\u00bfC\u00f3mo es el ambiente en el departamento del que formar\u00eda parte?<\/li>\n<\/ul>\n\n\n\n<p>Estas son solo algunas preguntas que puedes plantear. No obstante, recuerda que, en esta parte final de la entrevista de trabajo, <strong>lo importante es que demuestres tu inter\u00e9s por el puesto y por la compa\u00f1\u00eda.<\/strong> No te limites a decir que no tienes ninguna pregunta y que todo qued\u00f3 claro. Aprovecha esta parte final para demostrar que t\u00fa eres el candidato id\u00f3neo y, sobre todo, que tienes muchas ganas de formar parte de los proyectos de la compa\u00f1\u00eda. \u00a1A por todas!<\/p>\n\n\n<div class=\"wp-block-image\">\n<figure class=\"aligncenter\"><img loading=\"lazy\" decoding=\"async\" width=\"1024\" height=\"683\" src=\"https:\/\/www.talentoteca.es\/\/wp-content\/uploads\/2022\/02\/preguntas-y-respuestas-entrevista-trabajo-1024x683.jpg\" alt=\"preguntas-y-respuestas-entrevista-trabajo\" class=\"wp-image-2867\" srcset=\"https:\/\/blog2.talentoteca.es\/blog\/wp-content\/uploads\/2022\/02\/preguntas-y-respuestas-entrevista-trabajo-1024x683.jpg 1024w, https:\/\/blog2.talentoteca.es\/blog\/wp-content\/uploads\/2022\/02\/preguntas-y-respuestas-entrevista-trabajo-280x187.jpg 280w, https:\/\/blog2.talentoteca.es\/blog\/wp-content\/uploads\/2022\/02\/preguntas-y-respuestas-entrevista-trabajo-300x200.jpg 300w, https:\/\/blog2.talentoteca.es\/blog\/wp-content\/uploads\/2022\/02\/preguntas-y-respuestas-entrevista-trabajo-768x512.jpg 768w, https:\/\/blog2.talentoteca.es\/blog\/wp-content\/uploads\/2022\/02\/preguntas-y-respuestas-entrevista-trabajo-1080x720.jpg 1080w\" sizes=\"auto, (max-width: 1024px) 100vw, 1024px\" \/><\/figure><\/div>\n\n\n<h2 class=\"wp-block-heading has-text-align-center\">\u00bfC\u00f3mo encontrar tus <a href=\"https:\/\/www.talentoteca.es\" target=\"_blank\" rel=\"noreferrer noopener\" aria-label=\"pr\u00e1cticas remuneradas (opens in a new tab)\">pr\u00e1cticas remuneradas<\/a>?<\/h2>\n\n\n\n<ol class=\"wp-block-list\">\n<li>Entra en nuestra portal de pr\u00e1cticas y primer empleo, <a aria-label=\"Talentoteca (opens in a new tab)\" href=\"http:\/\/www.talentoteca.es\" target=\"_blank\" rel=\"noreferrer noopener\"><strong>Talentoteca<\/strong><\/a>.<\/li>\n\n\n\n<li><strong><a aria-label=\"Reg\u00edstrate (opens in a new tab)\" href=\"https:\/\/www.talentoteca.es\/signup\" target=\"_blank\" rel=\"noreferrer noopener\">Reg\u00edstrate<\/a> <\/strong>y crea tu perfil para encontrar las ofertas que mejor se adapten a tu formaci\u00f3n.<\/li>\n\n\n\n<li>Accede a miles de <strong><a aria-label=\"pr\u00e1cticas remuneradas (opens in a new tab)\" href=\"https:\/\/www.talentoteca.es\/finder\/\" target=\"_blank\" rel=\"noreferrer noopener\">pr\u00e1cticas remuneradas<\/a><\/strong> en empresas l\u00edderes en su sector. \u00bfTe unes?<\/li>\n<\/ol>\n\n\n\n<p><\/p>\n\n\n\n<p class=\"has-text-align-center\"><strong><a class=\"maxbutton-1 maxbutton maxbutton-talentoteca\" target=\"_blank\" rel=\"noopener\" href=\"https:\/\/www.talentoteca.es\/finder\/\"><span class='mb-text'>\u00a1QUIERO ESAS PR\u00c1CTICAS!<\/span><\/a><\/strong><\/p>\n","protected":false},"excerpt":{"rendered":"<p>En este post te desvelamos algunas de las preguntas m\u00e1s frecuentes en una entrevista de trabajo y, sobre todo, c\u00f3mo puedes responder a ellas.<\/p>\n","protected":false},"author":33,"featured_media":2862,"comment_status":"open","ping_status":"open","sticky":false,"template":"","format":"standard","meta":{"om_disable_all_campaigns":false,"_exactmetrics_skip_tracking":false,"_exactmetrics_sitenote_active":false,"_exactmetrics_sitenote_note":"","_exactmetrics_sitenote_category":0,"_uf_show_specific_survey":0,"_uf_disable_surveys":false,"footnotes":""},"categories":[104],"tags":[],"class_list":["post-2859","post","type-post","status-publish","format-standard","has-post-thumbnail","hentry","category-actualidad-profesional"],"aioseo_notices":[],"wps_subtitle":"","_links":{"self":[{"href":"https:\/\/blog2.talentoteca.es\/blog\/wp-json\/wp\/v2\/posts\/2859","targetHints":{"allow":["GET"]}}],"collection":[{"href":"https:\/\/blog2.talentoteca.es\/blog\/wp-json\/wp\/v2\/posts"}],"about":[{"href":"https:\/\/blog2.talentoteca.es\/blog\/wp-json\/wp\/v2\/types\/post"}],"author":[{"embeddable":true,"href":"https:\/\/blog2.talentoteca.es\/blog\/wp-json\/wp\/v2\/users\/33"}],"replies":[{"embeddable":true,"href":"https:\/\/blog2.talentoteca.es\/blog\/wp-json\/wp\/v2\/comments?post=2859"}],"version-history":[{"count":11,"href":"https:\/\/blog2.talentoteca.es\/blog\/wp-json\/wp\/v2\/posts\/2859\/revisions"}],"predecessor-version":[{"id":5279,"href":"https:\/\/blog2.talentoteca.es\/blog\/wp-json\/wp\/v2\/posts\/2859\/revisions\/5279"}],"wp:featuredmedia":[{"embeddable":true,"href":"https:\/\/blog2.talentoteca.es\/blog\/wp-json\/wp\/v2\/media\/2862"}],"wp:attachment":[{"href":"https:\/\/blog2.talentoteca.es\/blog\/wp-json\/wp\/v2\/media?parent=2859"}],"wp:term":[{"taxonomy":"category","embeddable":true,"href":"https:\/\/blog2.talentoteca.es\/blog\/wp-json\/wp\/v2\/categories?post=2859"},{"taxonomy":"post_tag","embeddable":true,"href":"https:\/\/blog2.talentoteca.es\/blog\/wp-json\/wp\/v2\/tags?post=2859"}],"curies":[{"name":"wp","href":"https:\/\/api.w.org\/{rel}","templated":true}]}}