{"id":5001,"date":"2025-09-09T09:38:56","date_gmt":"2025-09-09T07:38:56","guid":{"rendered":"https:\/\/www.talentoteca.es\/blog\/?p=5001"},"modified":"2025-09-09T09:38:58","modified_gmt":"2025-09-09T07:38:58","slug":"gira-jovenes-impulsa-tu-futuro-la-formacion-gratuita-de-coca-cola-que-mejora-tu-empleabilidad","status":"publish","type":"post","link":"https:\/\/blog2.talentoteca.es\/blog\/gira-jovenes-impulsa-tu-futuro-la-formacion-gratuita-de-coca-cola-que-mejora-tu-empleabilidad\/","title":{"rendered":"GIRA J\u00f3venes \u2013 Impulsa tu futuro: la formaci\u00f3n gratuita de Coca-Cola que mejora tu empleabilidad"},"content":{"rendered":"\n<p>Desde Talentoteca queremos ayudarte a dar el siguiente paso en tu desarrollo profesional. Por eso te traemos una iniciativa que puede marcar la diferencia: <strong>GIRA J\u00f3venes \u2013 Impulsa tu futuro<\/strong>, un programa formativo online y gratuito desarrollado por Coca-Cola, dirigido a <strong>j\u00f3venes de entre 16 y 30 a\u00f1os<\/strong> que est\u00e9n estudiando Bachillerato, Formaci\u00f3n Profesional o alguna titulaci\u00f3n universitaria.<\/p>\n\n\n\n<p>Este programa no solo te prepara para entrar en el mundo laboral con m\u00e1s confianza, sino que adem\u00e1s te permite hacerlo a tu ritmo, desde cualquier lugar y con contenidos realmente \u00fatiles para tu futuro profesional.<\/p>\n\n\n\n<div class=\"wp-block-buttons is-content-justification-center is-layout-flex wp-container-core-buttons-is-layout-16018d1d wp-block-buttons-is-layout-flex\">\n<div class=\"wp-block-button\"><a class=\"wp-block-button__link has-white-color has-luminous-vivid-amber-background-color has-text-color has-background\" href=\"https:\/\/bit.ly\/41v7pNr\" target=\"_blank\" rel=\"noreferrer noopener\">Inscr\u00edbete<\/a><\/div>\n<\/div>\n\n\n\n<p><\/p>\n\n\n\n<p><strong>Formaci\u00f3n flexible, pr\u00e1ctica y accesible<\/strong><\/p>\n\n\n\n<p>La plataforma GIRA J\u00f3venes \u2013 Impulsa tu futuro ofrece una experiencia de aprendizaje din\u00e1mica y autogestionada. Podr\u00e1s acceder desde cualquier dispositivo con conexi\u00f3n a internet y avanzar en los contenidos cuando t\u00fa quieras, sin horarios ni fechas l\u00edmite.<\/p>\n\n\n\n<p>El curso completo tiene una duraci\u00f3n estimada de entre 8 y 10 horas y est\u00e1 centrado en competencias transversales que son cada vez m\u00e1s valoradas por las empresas:<\/p>\n\n\n\n<ul class=\"wp-block-list\"><li>Liderazgo y trabajo en equipo<\/li><\/ul>\n\n\n\n<ul class=\"wp-block-list\"><li>Comunicaci\u00f3n eficaz y hablar en p\u00fablico<\/li><\/ul>\n\n\n\n<ul class=\"wp-block-list\"><li>Gesti\u00f3n del tiempo y productividad personal<\/li><\/ul>\n\n\n\n<ul class=\"wp-block-list\"><li>Elaboraci\u00f3n de CV y carta de motivaci\u00f3n<\/li><\/ul>\n\n\n\n<ul class=\"wp-block-list\"><li>Conocimiento de los Objetivos de Desarrollo Sostenible y la Agenda 2030<\/li><\/ul>\n\n\n\n<p>Todo el contenido se presenta a trav\u00e9s de v\u00eddeos breves, res\u00famenes en PDF y cuestionarios tipo test que te permitir\u00e1n evaluar tu progreso.<\/p>\n\n\n\n<p><strong>Un certificado que suma puntos<\/strong><\/p>\n\n\n\n<p>Uno de los grandes atractivos del programa es que, al finalizar todos los m\u00f3dulos, recibir\u00e1s un certificado oficial que podr\u00e1s incluir en tu curr\u00edculum o perfil de LinkedIn. Es importante saber que puedes acceder a todos los contenidos libremente, pero solo quienes completen el curso entero obtendr\u00e1n la certificaci\u00f3n.<\/p>\n\n\n\n<p>Este reconocimiento puede ser un valor a\u00f1adido en tus futuras candidaturas a pr\u00e1cticas o empleos, ya que demuestra iniciativa, formaci\u00f3n complementaria y compromiso con tu desarrollo.<\/p>\n\n\n\n<p><strong>\u00bfCu\u00e1ndo puedes empezar?<\/strong><\/p>\n\n\n\n<p>Desde ya. La plataforma ya est\u00e1 activa y puedes inscribirte en cualquier momento. Solo necesitas acceso a internet, ganas de mejorar tu perfil profesional y unos minutos al d\u00eda para formarte a tu ritmo.<\/p>\n\n\n\n<p><\/p>\n\n\n\n<div class=\"wp-block-buttons is-content-justification-center is-layout-flex wp-container-core-buttons-is-layout-16018d1d wp-block-buttons-is-layout-flex\">\n<div class=\"wp-block-button\"><a class=\"wp-block-button__link has-white-color has-luminous-vivid-amber-background-color has-text-color has-background\" href=\"https:\/\/bit.ly\/41v7pNr\" target=\"_blank\" rel=\"noreferrer noopener\">Quiero registrarme<\/a><\/div>\n<\/div>\n\n\n\n<p><strong>\u00bfPor qu\u00e9 te lo contamos desde Talentoteca by FUE?<\/strong><\/p>\n\n\n\n<p>Porque creemos en la importancia de impulsar el talento joven y conectar a los estudiantes con oportunidades reales de crecimiento. Difundimos esta iniciativa porque complementa perfectamente lo que promovemos desde nuestra plataforma: que cada joven encuentre su camino profesional con el mejor apoyo posible.<\/p>\n\n\n\n<p>Si quieres destacar entre otros candidatos, este curso puede darte una ventaja real.<\/p>\n\n\n\n<p><strong>Entra ya<\/strong> en la plataforma, inscr\u00edbete de forma gratuita y empieza a construir el perfil profesional que buscan las empresas. Tu futuro empieza por ti.<\/p>\n","protected":false},"excerpt":{"rendered":"<p>Desde Talentoteca queremos ayudarte a dar el siguiente paso en tu desarrollo profesional. Por eso te traemos una iniciativa que puede marcar la diferencia: GIRA J\u00f3venes \u2013 Impulsa tu futuro, un programa formativo online y gratuito desarrollado por Coca-Cola, dirigido a j\u00f3venes de entre 16 y 30 a\u00f1os que est\u00e9n estudiando Bachillerato, Formaci\u00f3n Profesional o alguna titulaci\u00f3n universitaria. Este programa no solo te prepara para entrar en el mundo laboral con m\u00e1s confianza, sino que adem\u00e1s te permite hacerlo a tu ritmo, desde cualquier lugar y con contenidos realmente \u00fatiles para tu futuro profesional. Formaci\u00f3n flexible, pr\u00e1ctica y accesible La plataforma GIRA J\u00f3venes \u2013 Impulsa tu futuro ofrece una experiencia de aprendizaje din\u00e1mica y autogestionada. Podr\u00e1s acceder desde cualquier dispositivo con conexi\u00f3n a internet y avanzar en los contenidos cuando t\u00fa quieras, sin horarios ni fechas l\u00edmite. El curso completo tiene una duraci\u00f3n estimada de entre 8 y 10 horas [&hellip;]<\/p>\n","protected":false},"author":1,"featured_media":5002,"comment_status":"open","ping_status":"open","sticky":false,"template":"","format":"standard","meta":{"om_disable_all_campaigns":false,"_exactmetrics_skip_tracking":false,"_exactmetrics_sitenote_active":false,"_exactmetrics_sitenote_note":"","_exactmetrics_sitenote_category":0,"_uf_show_specific_survey":0,"_uf_disable_surveys":false,"footnotes":""},"categories":[226],"tags":[260,259,261,231],"class_list":["post-5001","post","type-post","status-publish","format-standard","has-post-thumbnail","hentry","category-actualidad","tag-cocacola","tag-gira-jovenes","tag-impulso-profesional","tag-talento"],"aioseo_notices":[],"wps_subtitle":"","_links":{"self":[{"href":"https:\/\/blog2.talentoteca.es\/blog\/wp-json\/wp\/v2\/posts\/5001","targetHints":{"allow":["GET"]}}],"collection":[{"href":"https:\/\/blog2.talentoteca.es\/blog\/wp-json\/wp\/v2\/posts"}],"about":[{"href":"https:\/\/blog2.talentoteca.es\/blog\/wp-json\/wp\/v2\/types\/post"}],"author":[{"embeddable":true,"href":"https:\/\/blog2.talentoteca.es\/blog\/wp-json\/wp\/v2\/users\/1"}],"replies":[{"embeddable":true,"href":"https:\/\/blog2.talentoteca.es\/blog\/wp-json\/wp\/v2\/comments?post=5001"}],"version-history":[{"count":2,"href":"https:\/\/blog2.talentoteca.es\/blog\/wp-json\/wp\/v2\/posts\/5001\/revisions"}],"predecessor-version":[{"id":5004,"href":"https:\/\/blog2.talentoteca.es\/blog\/wp-json\/wp\/v2\/posts\/5001\/revisions\/5004"}],"wp:featuredmedia":[{"embeddable":true,"href":"https:\/\/blog2.talentoteca.es\/blog\/wp-json\/wp\/v2\/media\/5002"}],"wp:attachment":[{"href":"https:\/\/blog2.talentoteca.es\/blog\/wp-json\/wp\/v2\/media?parent=5001"}],"wp:term":[{"taxonomy":"category","embeddable":true,"href":"https:\/\/blog2.talentoteca.es\/blog\/wp-json\/wp\/v2\/categories?post=5001"},{"taxonomy":"post_tag","embeddable":true,"href":"https:\/\/blog2.talentoteca.es\/blog\/wp-json\/wp\/v2\/tags?post=5001"}],"curies":[{"name":"wp","href":"https:\/\/api.w.org\/{rel}","templated":true}]}}