{"id":5088,"date":"2026-01-20T14:32:52","date_gmt":"2026-01-20T12:32:52","guid":{"rendered":"https:\/\/blog2.talentoteca.es\/blog\/?p=5088"},"modified":"2026-01-20T14:34:24","modified_gmt":"2026-01-20T12:34:24","slug":"primer-dia-de-practicas-guia-completa","status":"publish","type":"post","link":"https:\/\/blog2.talentoteca.es\/blog\/primer-dia-de-practicas-guia-completa\/","title":{"rendered":"Primer d\u00eda de pr\u00e1cticas: Gu\u00eda completa"},"content":{"rendered":"\n<p>Iniciar unas pr\u00e1cticas en una empresa es un paso clave en el desarrollo profesional de cualquier joven. Este primer contacto con el mundo laboral puede marcar la diferencia en tu carrera, abrirte nuevas puertas y ayudarte a definir tu prop\u00f3sito profesional. Por eso, en esta gu\u00eda completa te ofrecemos una visi\u00f3n pr\u00e1ctica, estrat\u00e9gica y humana sobre todo lo que necesitas saber para afrontar con \u00e9xito tu primer d\u00eda de pr\u00e1cticas.<\/p>\n\n\n\n<p>\u00bfEst\u00e1s buscando <a href=\"https:\/\/www.talentoteca.es\/finder\/\" target=\"_blank\" rel=\"noopener\" title=\"\">pr\u00e1cticas en empresas top<\/a>? <\/p>\n\n\n\n<h2 class=\"wp-block-heading\">Consejos para tu primer d\u00eda de pr\u00e1cticas en empresa<\/h2>\n\n\n\n<h3 class=\"wp-block-heading\">Investiga sobre la empresa<\/h3>\n\n\n\n<p>Antes de tu primer d\u00eda, inf\u00f3rmate sobre la historia, cultura, misi\u00f3n, visi\u00f3n y valores de la empresa. Esto te ayudar\u00e1 a comprender mejor el entorno al que te vas a incorporar y a alinear tu actitud y expectativas.<\/p>\n\n\n\n<h3 class=\"wp-block-heading\">Llega puntual (o mejor, un poco antes)<\/h3>\n\n\n\n<p>La puntualidad transmite compromiso, respeto y profesionalismo. Llega con al menos 10 minutos de antelaci\u00f3n.<\/p>\n\n\n\n<h3 class=\"wp-block-heading\">Cuida tu presentaci\u00f3n personal<\/h3>\n\n\n\n<p>V\u00edstete de forma adecuada al estilo de la empresa. Si no tienes informaci\u00f3n clara, opta por un estilo formal-casual. Evita excesos, tanto en ropa como en accesorios.<\/p>\n\n\n\n<h3 class=\"wp-block-heading\">Muestra actitud proactiva y receptiva<\/h3>\n\n\n\n<p>Est\u00e1 atento, toma notas, pregunta cuando no entiendas algo y demuestra inter\u00e9s por aprender. Una actitud abierta y positiva es tu mejor carta de presentaci\u00f3n.<\/p>\n\n\n\n<h3 class=\"wp-block-heading\">Escucha m\u00e1s de lo que hablas<\/h3>\n\n\n\n<p>El primer d\u00eda est\u00e1 lleno de informaci\u00f3n. Escucha activamente a tus tutores y compa\u00f1eros. Aprende de cada detalle.<\/p>\n\n\n\n<h3 class=\"wp-block-heading\">S\u00e9 humilde y agradecido<\/h3>\n\n\n\n<p>Valora el hecho de tener la oportunidad de aprender. Agradece a quienes te acompa\u00f1an y gu\u00edan en este nuevo camino.<\/p>\n\n\n\n<h3 class=\"wp-block-heading\">Evita distracciones<\/h3>\n\n\n\n<p>Guarda el m\u00f3vil, evita redes sociales y mantente enfocado en el trabajo. Las primeras impresiones cuentan.<\/p>\n\n\n\n<h2 class=\"wp-block-heading\">Qu\u00e9 llevar en tu primer d\u00eda de pr\u00e1cticas en empresa<\/h2>\n\n\n\n<ul class=\"wp-block-list\">\n<li><strong>Documentaci\u00f3n personal y administrativa<\/strong>: DNI, contrato de pr\u00e1cticas, seguros, datos bancarios si fueran requeridos.<\/li>\n\n\n\n<li><strong>Material de trabajo<\/strong>: libreta, bol\u00edgrafo, cargador del m\u00f3vil o del port\u00e1til si lo necesitas.<\/li>\n\n\n\n<li><strong>Comida y agua<\/strong>: si no sabes si hay comedor o cafeter\u00eda, lleva tu <a href=\"https:\/\/www.sanitas.es\/biblioteca-de-salud\/dieta-alimentacion\/nutricion\/se-puede-comer-horas-sin-engordar\" target=\"_blank\" rel=\"noopener\" title=\"\">propio snack<\/a> o almuerzo.<\/li>\n\n\n\n<li><strong>Actitud positiva<\/strong>: aunque no se guarda en una mochila, es imprescindible.<\/li>\n<\/ul>\n\n\n\n<h2 class=\"wp-block-heading\">C\u00f3mo me presento el primer d\u00eda de pr\u00e1cticas en empresa<\/h2>\n\n\n\n<h3 class=\"wp-block-heading\">1. Pres\u00e9ntate con nombre y formaci\u00f3n<\/h3>\n\n\n\n<p>\u201cHola, soy [Nombre], estoy estudiando [Carrera o Ciclo] y vengo a realizar mis pr\u00e1cticas en [Departamento o \u00e1rea].&#8221;<\/p>\n\n\n\n<h3 class=\"wp-block-heading\">2. Prepara una breve introducci\u00f3n<\/h3>\n\n\n\n<p>Ten preparado un breve speech de 30 segundos que incluya tu inter\u00e9s por aprender, tu motivaci\u00f3n y tu disponibilidad para colaborar.<\/p>\n\n\n\n<h3 class=\"wp-block-heading\">3. Haz preguntas inteligentes<\/h3>\n\n\n\n<p>Evita hablar solo de ti. Inter\u00e9sate por los procesos de la empresa, los equipos y el prop\u00f3sito del \u00e1rea donde trabajar\u00e1s.<\/p>\n\n\n\n<figure class=\"wp-block-image size-large\"><img loading=\"lazy\" decoding=\"async\" width=\"1024\" height=\"576\" src=\"https:\/\/blog2.talentoteca.es\/blog\/wp-content\/uploads\/2026\/01\/que-llevar-tu-primer-dia-de-practicas-1024x576.jpg\" alt=\"\" class=\"wp-image-5090\" srcset=\"https:\/\/blog2.talentoteca.es\/blog\/wp-content\/uploads\/2026\/01\/que-llevar-tu-primer-dia-de-practicas-1024x576.jpg 1024w, https:\/\/blog2.talentoteca.es\/blog\/wp-content\/uploads\/2026\/01\/que-llevar-tu-primer-dia-de-practicas-300x169.jpg 300w, https:\/\/blog2.talentoteca.es\/blog\/wp-content\/uploads\/2026\/01\/que-llevar-tu-primer-dia-de-practicas-768x432.jpg 768w, https:\/\/blog2.talentoteca.es\/blog\/wp-content\/uploads\/2026\/01\/que-llevar-tu-primer-dia-de-practicas-1080x608.jpg 1080w, https:\/\/blog2.talentoteca.es\/blog\/wp-content\/uploads\/2026\/01\/que-llevar-tu-primer-dia-de-practicas.jpg 1280w\" sizes=\"auto, (max-width: 1024px) 100vw, 1024px\" \/><\/figure>\n\n\n\n<h2 class=\"wp-block-heading\">C\u00f3mo triunfar en mis pr\u00e1cticas<\/h2>\n\n\n\n<h3 class=\"wp-block-heading\">Conecta con tu prop\u00f3sito<\/h3>\n\n\n\n<p>No vayas a &#8220;cumplir&#8221; sino a contribuir. Piensa en c\u00f3mo puedes generar valor y crecer como profesional.<\/p>\n\n\n\n<h3 class=\"wp-block-heading\">Aplica pensamiento cr\u00edtico<\/h3>\n\n\n\n<p>No todo est\u00e1 en los manuales. Observa, analiza y prop\u00f3n mejoras. Las ideas frescas son bienvenidas.<\/p>\n\n\n\n<h3 class=\"wp-block-heading\">Relaci\u00f3nate con todos los perfiles<\/h3>\n\n\n\n<p>Aprende tanto de tus tutores como del personal de otros departamentos. Las redes humanas son clave para tu futuro.<\/p>\n\n\n\n<h3 class=\"wp-block-heading\">Solicita feedback continuo<\/h3>\n\n\n\n<p>Pregunta c\u00f3mo vas, en qu\u00e9 puedes mejorar. La retroalimentaci\u00f3n es un acelerador de crecimiento.<\/p>\n\n\n\n<h3 class=\"wp-block-heading\">Documenta tu experiencia<\/h3>\n\n\n\n<p>Anota aprendizajes, proyectos, retos superados. Esta informaci\u00f3n te ser\u00e1 \u00facil para futuras entrevistas.<\/p>\n\n\n\n<h2 class=\"wp-block-heading\">C\u00f3mo conseguir que me contraten tras mis pr\u00e1cticas<\/h2>\n\n\n\n<h3 class=\"wp-block-heading\">1. Comp\u00f3rtate como si ya fueras parte del equipo<\/h3>\n\n\n\n<p>Asume responsabilidades, cumple plazos, aporta ideas. Hazte visible de forma profesional.<\/p>\n\n\n\n<h3 class=\"wp-block-heading\">2. Muestra compromiso<\/h3>\n\n\n\n<p>Inter\u00e9sate por el futuro de la empresa, pregunta por posibles oportunidades. Muestra que quieres formar parte a largo plazo.<\/p>\n\n\n\n<h3 class=\"wp-block-heading\">3. Cultiva tu marca personal<\/h3>\n\n\n\n<p>Mant\u00e9n tu perfil de LinkedIn actualizado, comparte tus logros (sin vulnerar confidencialidad), y demuestra coherencia entre lo que haces y lo que comunicas.<\/p>\n\n\n\n<h3 class=\"wp-block-heading\">4. Habla con tu tutor\/a<\/h3>\n\n\n\n<p>Hazle saber tu inter\u00e9s por seguir colaborando con la empresa. En muchas ocasiones, una conversaci\u00f3n sincera abre puertas.<\/p>\n\n\n\n<h3 class=\"wp-block-heading\">5. Alinea tu talento con el impacto<\/h3>\n\n\n\n<p>Hoy, las empresas valoran perfiles con prop\u00f3sito, \u00e9ticos y con capacidad de generar impacto real. Refleja estos valores en tu d\u00eda a d\u00eda.<\/p>\n\n\n\n<h2 class=\"wp-block-heading\">C\u00f3mo encontrar pr\u00e1cticas profesionales<\/h2>\n\n\n\n<p>Encontrar unas buenas pr\u00e1cticas requiere estrategia, preparaci\u00f3n y utilizar las plataformas adecuadas. Una de las mejores opciones para estudiantes y reci\u00e9n titulados es <strong>Talentoteca<\/strong>, la plataforma de pr\u00e1cticas impulsada por la <a href=\"https:\/\/www.fue.es\/\" target=\"_blank\" rel=\"noopener\" title=\"\">Fundaci\u00f3n Universidad-Empresa<\/a> (FUE).<\/p>\n\n\n\n<p>En Talentoteca podr\u00e1s encontrar ofertas actualizadas, filtradas por estudios, localizaci\u00f3n y sector. Adem\u00e1s, muchas de las pr\u00e1cticas incluyen formaci\u00f3n adicional, tutor\u00eda personalizada y posibilidad de inserci\u00f3n laboral.<\/p>\n\n\n\n<p>Visita <a href=\"https:\/\/www.talentoteca.es\/\" target=\"_blank\" rel=\"noopener\" title=\"\">talentoteca<\/a> y crea tu perfil para comenzar a aplicar. Es una herramienta confiable, alineada con los valores de #TalentoNuevaEra, que te permite dar tus primeros pasos en el entorno profesional con seguridad y proyecci\u00f3n.<\/p>\n\n\n\n<h2 class=\"wp-block-heading\">Preguntas frecuentes<\/h2>\n\n\n\n<p><strong>\u00bfY si me pierdo el primer d\u00eda?<\/strong> Llama o escribe a tu contacto en la empresa. Avisar demuestra responsabilidad.<\/p>\n\n\n\n<p><strong>\u00bfQu\u00e9 pasa si no entiendo algo?<\/strong> Pregunta sin miedo. Est\u00e1s en un entorno de aprendizaje y se valora la iniciativa.<\/p>\n\n\n\n<p><strong>\u00bfPuedo pedir tareas nuevas si acabo antes?<\/strong> S\u00ed, muestra proactividad. Ofrecerte para ayudar es una excelente manera de destacar.<\/p>\n","protected":false},"excerpt":{"rendered":"<p>Iniciar unas pr\u00e1cticas en una empresa es un paso clave en el desarrollo profesional de cualquier joven. Este primer contacto con el mundo laboral puede marcar la diferencia en tu carrera, abrirte nuevas puertas y ayudarte a definir tu prop\u00f3sito profesional. Por eso, en esta gu\u00eda completa te ofrecemos una visi\u00f3n pr\u00e1ctica, estrat\u00e9gica y humana sobre todo lo que necesitas saber para afrontar con \u00e9xito tu primer d\u00eda de pr\u00e1cticas. \u00bfEst\u00e1s buscando pr\u00e1cticas en empresas top? Consejos para tu primer d\u00eda de pr\u00e1cticas en empresa Investiga sobre la empresa Antes de tu primer d\u00eda, inf\u00f3rmate sobre la historia, cultura, misi\u00f3n, visi\u00f3n y valores de la empresa. Esto te ayudar\u00e1 a comprender mejor el entorno al que te vas a incorporar y a alinear tu actitud y expectativas. Llega puntual (o mejor, un poco antes) La puntualidad transmite compromiso, respeto y profesionalismo. Llega con al menos 10 minutos de antelaci\u00f3n. Cuida [&hellip;]<\/p>\n","protected":false},"author":86,"featured_media":5089,"comment_status":"open","ping_status":"open","sticky":false,"template":"","format":"standard","meta":{"om_disable_all_campaigns":false,"_exactmetrics_skip_tracking":false,"_exactmetrics_sitenote_active":false,"_exactmetrics_sitenote_note":"","_exactmetrics_sitenote_category":0,"_uf_show_specific_survey":0,"_uf_disable_surveys":false,"footnotes":""},"categories":[220,213],"tags":[],"class_list":["post-5088","post","type-post","status-publish","format-standard","has-post-thumbnail","hentry","category-buscar-practicas","category-practicas"],"aioseo_notices":[],"wps_subtitle":"","_links":{"self":[{"href":"https:\/\/blog2.talentoteca.es\/blog\/wp-json\/wp\/v2\/posts\/5088","targetHints":{"allow":["GET"]}}],"collection":[{"href":"https:\/\/blog2.talentoteca.es\/blog\/wp-json\/wp\/v2\/posts"}],"about":[{"href":"https:\/\/blog2.talentoteca.es\/blog\/wp-json\/wp\/v2\/types\/post"}],"author":[{"embeddable":true,"href":"https:\/\/blog2.talentoteca.es\/blog\/wp-json\/wp\/v2\/users\/86"}],"replies":[{"embeddable":true,"href":"https:\/\/blog2.talentoteca.es\/blog\/wp-json\/wp\/v2\/comments?post=5088"}],"version-history":[{"count":1,"href":"https:\/\/blog2.talentoteca.es\/blog\/wp-json\/wp\/v2\/posts\/5088\/revisions"}],"predecessor-version":[{"id":5091,"href":"https:\/\/blog2.talentoteca.es\/blog\/wp-json\/wp\/v2\/posts\/5088\/revisions\/5091"}],"wp:featuredmedia":[{"embeddable":true,"href":"https:\/\/blog2.talentoteca.es\/blog\/wp-json\/wp\/v2\/media\/5089"}],"wp:attachment":[{"href":"https:\/\/blog2.talentoteca.es\/blog\/wp-json\/wp\/v2\/media?parent=5088"}],"wp:term":[{"taxonomy":"category","embeddable":true,"href":"https:\/\/blog2.talentoteca.es\/blog\/wp-json\/wp\/v2\/categories?post=5088"},{"taxonomy":"post_tag","embeddable":true,"href":"https:\/\/blog2.talentoteca.es\/blog\/wp-json\/wp\/v2\/tags?post=5088"}],"curies":[{"name":"wp","href":"https:\/\/api.w.org\/{rel}","templated":true}]}}