{"id":5254,"date":"2026-07-16T14:06:29","date_gmt":"2026-07-16T12:06:29","guid":{"rendered":"https:\/\/blog2.talentoteca.es\/blog\/?p=5254"},"modified":"2026-07-16T17:17:08","modified_gmt":"2026-07-16T15:17:08","slug":"como-conseguir-practicas-despues-del-verano-guia-para-encontrar-tu-primera-oportunidad-profesional","status":"publish","type":"post","link":"https:\/\/blog2.talentoteca.es\/blog\/como-conseguir-practicas-despues-del-verano-guia-para-encontrar-tu-primera-oportunidad-profesional\/","title":{"rendered":"C\u00f3mo conseguir pr\u00e1cticas despu\u00e9s del verano: gu\u00eda para encontrar tu primera oportunidad profesional"},"content":{"rendered":"\n<p>C\u00f3mo conseguir pr\u00e1cticas despu\u00e9s del verano: gu\u00eda para encontrar tu primera oportunidad profesional<\/p>\n\n\n\n<p>El verano termina, empieza un nuevo curso acad\u00e9mico y llega uno de los mejores momentos para dar un paso hacia tu futuro profesional: <strong>buscar unas pr\u00e1cticas en empresa<\/strong>.<\/p>\n\n\n\n<p>Muchos estudiantes aprovechan septiembre para organizar su nuevo a\u00f1o, mejorar su curr\u00edculum y comenzar la b\u00fasqueda de una experiencia que les permita aplicar lo aprendido en clase y acercarse al mercado laboral.<\/p>\n\n\n\n<p>Pero surge una duda muy com\u00fan: <strong>\u00bfc\u00f3mo conseguir pr\u00e1cticas despu\u00e9s del verano si no tengo experiencia?<\/strong><\/p>\n\n\n\n<p>La buena noticia es que no necesitas haber trabajado antes para conseguir tu primera oportunidad. Las empresas buscan cada a\u00f1o estudiantes con ganas de aprender, aportar nuevas ideas y desarrollar su potencial.<\/p>\n\n\n\n<p>En esta gu\u00eda te contamos c\u00f3mo encontrar pr\u00e1cticas despu\u00e9s del verano y c\u00f3mo plataformas especializadas como <strong>Talentoteca<\/strong> pueden ayudarte a encontrar una oportunidad adaptada a tu perfil.<\/p>\n\n\n\n<hr class=\"wp-block-separator has-alpha-channel-opacity\"\/>\n\n\n\n<h1 class=\"wp-block-heading\">1. Empieza a buscar pr\u00e1cticas en septiembre: es uno de los mejores momentos del a\u00f1o<\/h1>\n\n\n\n<p>Si has dejado la b\u00fasqueda de pr\u00e1cticas para despu\u00e9s del verano, no llegas tarde. De hecho, septiembre y octubre son meses clave para la incorporaci\u00f3n de estudiantes a empresas.<\/p>\n\n\n\n<p>Muchas compa\u00f1\u00edas planifican sus necesidades de talento joven coincidiendo con el inicio del curso acad\u00e9mico y publican nuevas oportunidades de:<\/p>\n\n\n\n<ul class=\"wp-block-list\">\n<li>Pr\u00e1cticas curriculares.<\/li>\n\n\n\n<li>Pr\u00e1cticas extracurriculares.<\/li>\n\n\n\n<li>Becas de formaci\u00f3n.<\/li>\n\n\n\n<li>Programas de pr\u00e1cticas de larga duraci\u00f3n.<\/li>\n\n\n\n<li>Primeras experiencias profesionales.<\/li>\n<\/ul>\n\n\n\n<p>Por eso, empezar la b\u00fasqueda justo despu\u00e9s del verano puede darte acceso a una gran cantidad de ofertas.<\/p>\n\n\n\n<hr class=\"wp-block-separator has-alpha-channel-opacity\"\/>\n\n\n\n<h1 class=\"wp-block-heading\">2. Define qu\u00e9 tipo de pr\u00e1cticas est\u00e1s buscando<\/h1>\n\n\n\n<p>Antes de enviar tu curr\u00edculum a todas las ofertas que encuentres, dedica un tiempo a definir tus objetivos.<\/p>\n\n\n\n<p>Preg\u00fantate:<\/p>\n\n\n\n<ul class=\"wp-block-list\">\n<li>\u00bfQu\u00e9 sector me interesa?<\/li>\n\n\n\n<li>\u00bfQu\u00e9 habilidades quiero desarrollar?<\/li>\n\n\n\n<li>\u00bfPrefiero una gran empresa o una pyme?<\/li>\n\n\n\n<li>\u00bfBusco pr\u00e1cticas compatibles con mis estudios?<\/li>\n\n\n\n<li>\u00bfNecesito pr\u00e1cticas curriculares o puedo realizar pr\u00e1cticas extracurriculares?<\/li>\n<\/ul>\n\n\n\n<p>Tener claras estas cuestiones te permitir\u00e1 realizar una b\u00fasqueda m\u00e1s efectiva y encontrar una oportunidad que realmente aporte valor a tu futuro profesional.<\/p>\n\n\n\n<hr class=\"wp-block-separator has-alpha-channel-opacity\"\/>\n\n\n\n<h1 class=\"wp-block-heading\">3. Prepara un CV orientado a pr\u00e1cticas aunque no tengas experiencia<\/h1>\n\n\n\n<p>Uno de los principales errores de los estudiantes es pensar que no pueden optar a unas pr\u00e1cticas porque nunca han trabajado.<\/p>\n\n\n\n<p>La realidad es que las empresas no esperan encontrar un perfil con a\u00f1os de experiencia. Buscan potencial, motivaci\u00f3n y ganas de aprender.<\/p>\n\n\n\n<p>En tu curr\u00edculum destaca:<\/p>\n\n\n\n<h2 class=\"wp-block-heading\">Tu formaci\u00f3n acad\u00e9mica<\/h2>\n\n\n\n<p>Indica tu grado universitario, Formaci\u00f3n Profesional, m\u00e1ster o cualquier formaci\u00f3n relacionada con el puesto.<\/p>\n\n\n\n<h2 class=\"wp-block-heading\">Proyectos y trabajos acad\u00e9micos<\/h2>\n\n\n\n<p>\u00bfHas desarrollado una aplicaci\u00f3n? \u00bfHas realizado un estudio de mercado? \u00bfHas participado en un proyecto de investigaci\u00f3n? Todo ello puede demostrar tus conocimientos.<\/p>\n\n\n\n<h2 class=\"wp-block-heading\">Competencias y habilidades<\/h2>\n\n\n\n<p>Algunas de las m\u00e1s valoradas por las empresas son:<\/p>\n\n\n\n<ul class=\"wp-block-list\">\n<li>Trabajo en equipo.<\/li>\n\n\n\n<li>Organizaci\u00f3n.<\/li>\n\n\n\n<li>Comunicaci\u00f3n.<\/li>\n\n\n\n<li>Adaptabilidad.<\/li>\n\n\n\n<li>Resoluci\u00f3n de problemas.<\/li>\n\n\n\n<li>Competencias digitales.<\/li>\n\n\n\n<li>Proactividad.<\/li>\n<\/ul>\n\n\n\n<p>Un buen CV puede marcar la diferencia incluso si todav\u00eda no has tenido un empleo.<\/p>\n\n\n\n<hr class=\"wp-block-separator has-alpha-channel-opacity\"\/>\n\n\n\n<h1 class=\"wp-block-heading\">4. Utiliza plataformas especializadas en pr\u00e1cticas como Talentoteca<\/h1>\n\n\n\n<p>Uno de los pasos m\u00e1s importantes para encontrar pr\u00e1cticas es saber <strong>d\u00f3nde buscar<\/strong>.<\/p>\n\n\n\n<p>Aunque existen muchos portales de empleo generalistas, los estudiantes suelen tener m\u00e1s posibilidades de encontrar una oportunidad adecuada en plataformas especializadas en talento joven.<\/p>\n\n\n\n<h2 class=\"wp-block-heading\">\u00bfQu\u00e9 es Talentoteca y c\u00f3mo puede ayudarte?<\/h2>\n\n\n\n<p><strong>Talentoteca es el portal de pr\u00e1cticas, becas formativas y primer empleo de la Fundaci\u00f3n Universidad-Empresa<\/strong>, una organizaci\u00f3n con m\u00e1s de 50 a\u00f1os de experiencia conectando a estudiantes y titulados con empresas.<\/p>\n\n\n\n<p>A trav\u00e9s de Talentoteca puedes encontrar oportunidades en empresas de diferentes sectores, tanto si est\u00e1s estudiando una carrera universitaria como un ciclo de Formaci\u00f3n Profesional o acabas de finalizar tus estudios.<\/p>\n\n\n\n<p>En Talentoteca encontrar\u00e1s:<\/p>\n\n\n\n<p>\u2705 Pr\u00e1cticas curriculares y extracurriculares.<\/p>\n\n\n\n<p>\u2705 Pr\u00e1cticas remuneradas en empresas de referencia.<\/p>\n\n\n\n<p>\u2705 Becas con formaci\u00f3n complementaria.<\/p>\n\n\n\n<p>\u2705 Primer empleo para j\u00f3venes titulados.<\/p>\n\n\n\n<p>\u2705 Ofertas adaptadas a distintos perfiles acad\u00e9micos.<\/p>\n\n\n\n<p>Adem\u00e1s, muchas de las oportunidades publicadas est\u00e1n dise\u00f1adas espec\u00edficamente para personas que buscan su primera experiencia profesional, por lo que no necesitas contar con una larga trayectoria laboral.<\/p>\n\n\n\n<hr class=\"wp-block-separator has-alpha-channel-opacity\"\/>\n\n\n\n<p><\/p>\n\n\n\n<p><\/p>\n\n\n\n<figure class=\"wp-block-image size-large\"><img loading=\"lazy\" decoding=\"async\" width=\"1024\" height=\"576\" src=\"https:\/\/blog2.talentoteca.es\/blog\/wp-content\/uploads\/2026\/07\/Miniatura-para-Youtube-Turismo-Moderna-Azul-y-Naranja-80-1024x576.png\" alt=\"practicas verano\" class=\"wp-image-5274\" srcset=\"https:\/\/blog2.talentoteca.es\/blog\/wp-content\/uploads\/2026\/07\/Miniatura-para-Youtube-Turismo-Moderna-Azul-y-Naranja-80-1024x576.png 1024w, https:\/\/blog2.talentoteca.es\/blog\/wp-content\/uploads\/2026\/07\/Miniatura-para-Youtube-Turismo-Moderna-Azul-y-Naranja-80-300x169.png 300w, https:\/\/blog2.talentoteca.es\/blog\/wp-content\/uploads\/2026\/07\/Miniatura-para-Youtube-Turismo-Moderna-Azul-y-Naranja-80-768x432.png 768w, https:\/\/blog2.talentoteca.es\/blog\/wp-content\/uploads\/2026\/07\/Miniatura-para-Youtube-Turismo-Moderna-Azul-y-Naranja-80-1080x608.png 1080w, https:\/\/blog2.talentoteca.es\/blog\/wp-content\/uploads\/2026\/07\/Miniatura-para-Youtube-Turismo-Moderna-Azul-y-Naranja-80.png 1280w\" sizes=\"auto, (max-width: 1024px) 100vw, 1024px\" \/><figcaption class=\"wp-element-caption\">practicas verano<\/figcaption><\/figure>\n\n\n\n<h1 class=\"wp-block-heading\">5. Crea alertas y revisa las ofertas con frecuencia<\/h1>\n\n\n\n<p>Encontrar unas buenas pr\u00e1cticas tambi\u00e9n depende de la rapidez.<\/p>\n\n\n\n<p>Las empresas suelen recibir muchas candidaturas, por lo que es recomendable:<\/p>\n\n\n\n<ul class=\"wp-block-list\">\n<li>Revisar nuevas ofertas cada semana.<\/li>\n\n\n\n<li>Activar alertas en portales de pr\u00e1cticas.<\/li>\n\n\n\n<li>Mantener actualizado tu perfil.<\/li>\n\n\n\n<li>Tener preparado tu CV para enviar candidaturas r\u00e1pidamente.<\/li>\n<\/ul>\n\n\n\n<p>Cuanto antes apliques a una oferta que encaja contigo, m\u00e1s posibilidades tendr\u00e1s de avanzar en el proceso de selecci\u00f3n.<\/p>\n\n\n\n<hr class=\"wp-block-separator has-alpha-channel-opacity\"\/>\n\n\n\n<h1 class=\"wp-block-heading\">6. Personaliza cada candidatura<\/h1>\n\n\n\n<p>Enviar el mismo curr\u00edculum a todas las empresas puede reducir tus opciones.<\/p>\n\n\n\n<p>Antes de aplicar, analiza la oferta y adapta tu candidatura destacando las habilidades y conocimientos m\u00e1s relacionados con ese puesto.<\/p>\n\n\n\n<p>Por ejemplo:<\/p>\n\n\n\n<ul class=\"wp-block-list\">\n<li>Si la pr\u00e1ctica es de marketing, destaca proyectos de comunicaci\u00f3n, redes sociales o an\u00e1lisis de mercado.<\/li>\n\n\n\n<li>Si es una pr\u00e1ctica tecnol\u00f3gica, resalta conocimientos de programaci\u00f3n, herramientas digitales o proyectos inform\u00e1ticos.<\/li>\n\n\n\n<li>Si es una pr\u00e1ctica en finanzas, muestra asignaturas, trabajos o competencias relacionadas con el an\u00e1lisis de datos y la gesti\u00f3n econ\u00f3mica.<\/li>\n<\/ul>\n\n\n\n<p>Una candidatura personalizada demuestra inter\u00e9s y aumenta tus posibilidades de ser seleccionado.<\/p>\n\n\n\n<hr class=\"wp-block-separator has-alpha-channel-opacity\"\/>\n\n\n\n<h1 class=\"wp-block-heading\">7. Aprovecha la universidad, tu centro de FP y tu red de contactos<\/h1>\n\n\n\n<p>No limites tu b\u00fasqueda a los portales de empleo.<\/p>\n\n\n\n<p>Tambi\u00e9n puedes encontrar pr\u00e1cticas a trav\u00e9s de:<\/p>\n\n\n\n<ul class=\"wp-block-list\">\n<li>Servicios de orientaci\u00f3n profesional de tu universidad.<\/li>\n\n\n\n<li>Bolsas de empleo de tu centro educativo.<\/li>\n\n\n\n<li>Profesores y tutores.<\/li>\n\n\n\n<li>Ferias de empleo.<\/li>\n\n\n\n<li>Eventos de empresas.<\/li>\n\n\n\n<li>Contactos profesionales en <a href=\"https:\/\/www.linkedin.com\/\" title=\"\">LinkedIn<\/a>.<\/li>\n<\/ul>\n\n\n\n<p>Muchas oportunidades surgen gracias a estar informado y mantener una actitud activa.<\/p>\n\n\n\n<hr class=\"wp-block-separator has-alpha-channel-opacity\"\/>\n\n\n\n<h1 class=\"wp-block-heading\">8. Prep\u00e1rate para las entrevistas de pr\u00e1cticas<\/h1>\n\n\n\n<p>Si consigues una entrevista, recuerda que las empresas son conscientes de que est\u00e1s empezando.<\/p>\n\n\n\n<p>No esperan que tengas todas las respuestas, pero s\u00ed valorar\u00e1n:<\/p>\n\n\n\n<ul class=\"wp-block-list\">\n<li>Tu motivaci\u00f3n.<\/li>\n\n\n\n<li>Tu inter\u00e9s por aprender.<\/li>\n\n\n\n<li>Tu capacidad de comunicaci\u00f3n.<\/li>\n\n\n\n<li>Tu conocimiento sobre la empresa.<\/li>\n\n\n\n<li>Tus ganas de implicarte.<\/li>\n<\/ul>\n\n\n\n<p>Antes de la entrevista:<\/p>\n\n\n\n<ul class=\"wp-block-list\">\n<li>Investiga la empresa.<\/li>\n\n\n\n<li>Repasa la oferta de pr\u00e1cticas.<\/li>\n\n\n\n<li>Piensa ejemplos de proyectos o situaciones donde hayas desarrollado habilidades.<\/li>\n\n\n\n<li>Prepara preguntas sobre el equipo y las tareas que realizar\u00e1s.<\/li>\n<\/ul>\n\n\n\n<hr class=\"wp-block-separator has-alpha-channel-opacity\"\/>\n\n\n\n<h1 class=\"wp-block-heading\">9. No rechaces una oportunidad porque sea tu primera experiencia<\/h1>\n\n\n\n<p>Muchos estudiantes buscan unas pr\u00e1cticas &#8220;perfectas&#8221; desde el principio, pero la primera experiencia profesional tiene un objetivo principal: <strong>aprender<\/strong>.<\/p>\n\n\n\n<p>Unas buenas pr\u00e1cticas te permiten:<\/p>\n\n\n\n<ul class=\"wp-block-list\">\n<li>Descubrir c\u00f3mo funciona una empresa.<\/li>\n\n\n\n<li>Aplicar conocimientos adquiridos en tus estudios.<\/li>\n\n\n\n<li>Mejorar tus competencias profesionales.<\/li>\n\n\n\n<li>Crear una red de contactos.<\/li>\n\n\n\n<li>Mejorar tu empleabilidad.<\/li>\n<\/ul>\n\n\n\n<p>En muchos casos, las pr\u00e1cticas son tambi\u00e9n la puerta de entrada a un futuro contrato laboral.<\/p>\n\n\n\n<hr class=\"wp-block-separator has-alpha-channel-opacity\"\/>\n\n\n\n<h1 class=\"wp-block-heading\">10. Tu b\u00fasqueda de pr\u00e1cticas empieza hoy<\/h1>\n\n\n\n<p>Esperar al \u00faltimo momento puede hacer que pierdas oportunidades interesantes.<\/p>\n\n\n\n<p>Si est\u00e1s empezando un nuevo curso acad\u00e9mico, septiembre es el momento perfecto para preparar tu CV, definir tus objetivos y comenzar a enviar candidaturas.<\/p>\n\n\n\n<p>La transici\u00f3n del mundo acad\u00e9mico al profesional puede generar dudas, pero con una estrategia adecuada encontrar\u00e1s una oportunidad que te ayude a crecer.<\/p>\n\n\n\n<p>Y recuerda: no tienes que hacerlo solo. Plataformas como <strong>Talentoteca<\/strong> est\u00e1n creadas precisamente para acompa\u00f1arte en ese primer paso hacia el mundo laboral, conect\u00e1ndote con pr\u00e1cticas, becas y primeras oportunidades profesionales en empresas.<\/p>\n\n\n\n<hr class=\"wp-block-separator has-alpha-channel-opacity\"\/>\n\n\n\n<h1 class=\"wp-block-heading\">Preguntas frecuentes sobre conseguir pr\u00e1cticas despu\u00e9s del verano<\/h1>\n\n\n\n<h2 class=\"wp-block-heading\">\u00bfCu\u00e1ndo es el mejor momento para buscar pr\u00e1cticas?<\/h2>\n\n\n\n<p>Septiembre y octubre son meses muy recomendables porque muchas empresas lanzan nuevas vacantes coincidiendo con el inicio del curso acad\u00e9mico. Sin embargo, puedes encontrar oportunidades durante todo el a\u00f1o.<\/p>\n\n\n\n<hr class=\"wp-block-separator has-alpha-channel-opacity\"\/>\n\n\n\n<h2 class=\"wp-block-heading\">\u00bfPuedo conseguir pr\u00e1cticas sin experiencia?<\/h2>\n\n\n\n<p>S\u00ed. Las pr\u00e1cticas est\u00e1n pensadas precisamente para estudiantes y j\u00f3venes titulados que quieren adquirir su primera experiencia profesional.<\/p>\n\n\n\n<hr class=\"wp-block-separator has-alpha-channel-opacity\"\/>\n\n\n\n<h2 class=\"wp-block-heading\">\u00bfLas pr\u00e1cticas siempre son remuneradas?<\/h2>\n\n\n\n<p>Depende del tipo de pr\u00e1ctica, la empresa y el programa. Cada vez son m\u00e1s las compa\u00f1\u00edas que ofrecen pr\u00e1cticas remuneradas y ayudas al estudio a los estudiantes.<\/p>\n\n\n\n<hr class=\"wp-block-separator has-alpha-channel-opacity\"\/>\n\n\n\n<h2 class=\"wp-block-heading\">\u00bfD\u00f3nde encontrar pr\u00e1cticas para estudiantes?<\/h2>\n\n\n\n<p>Una de las mejores opciones es utilizar plataformas especializadas como <strong><a href=\"https:\/\/www.talentoteca.es\/\" title=\"\">Talentoteca<\/a><\/strong>, donde encontrar\u00e1s pr\u00e1cticas universitarias, de Formaci\u00f3n Profesional, becas formativas y ofertas de primer empleo en empresas.<\/p>\n\n\n\n<hr class=\"wp-block-separator has-alpha-channel-opacity\"\/>\n\n\n\n<h1 class=\"wp-block-heading\">Encuentra tus pr\u00f3ximas pr\u00e1cticas en Talentoteca<\/h1>\n\n\n\n<p>El final del verano puede ser el comienzo de tu carrera profesional. Aprovecha este momento para dar el paso, ganar experiencia y descubrir c\u00f3mo es trabajar en una empresa.<\/p>\n\n\n\n<p>En <strong>Talentoteca encontrar\u00e1s cientos de oportunidades de pr\u00e1cticas, becas y primer empleo<\/strong> adaptadas a tu formaci\u00f3n y etapa profesional.<\/p>\n\n\n\n<p>Prepara tu CV, crea tu perfil y empieza a construir el futuro profesional que quieres.<\/p>\n","protected":false},"excerpt":{"rendered":"<p>C\u00f3mo conseguir pr\u00e1cticas despu\u00e9s del verano: gu\u00eda para encontrar tu primera oportunidad profesional El verano termina, empieza un nuevo curso acad\u00e9mico y llega uno de los mejores momentos para dar un paso hacia tu futuro profesional: buscar unas pr\u00e1cticas en empresa. Muchos estudiantes aprovechan septiembre para organizar su nuevo a\u00f1o, mejorar su curr\u00edculum y comenzar la b\u00fasqueda de una experiencia que les permita aplicar lo aprendido en clase y acercarse al mercado laboral. Pero surge una duda muy com\u00fan: \u00bfc\u00f3mo conseguir pr\u00e1cticas despu\u00e9s del verano si no tengo experiencia? La buena noticia es que no necesitas haber trabajado antes para conseguir tu primera oportunidad. Las empresas buscan cada a\u00f1o estudiantes con ganas de aprender, aportar nuevas ideas y desarrollar su potencial. En esta gu\u00eda te contamos c\u00f3mo encontrar pr\u00e1cticas despu\u00e9s del verano y c\u00f3mo plataformas especializadas como Talentoteca pueden ayudarte a encontrar una oportunidad adaptada a tu perfil. 1. Empieza [&hellip;]<\/p>\n","protected":false},"author":53,"featured_media":5274,"comment_status":"open","ping_status":"open","sticky":false,"template":"","format":"standard","meta":{"om_disable_all_campaigns":false,"_exactmetrics_skip_tracking":false,"_exactmetrics_sitenote_active":false,"_exactmetrics_sitenote_note":"","_exactmetrics_sitenote_category":0,"_uf_show_specific_survey":0,"_uf_disable_surveys":false,"footnotes":""},"categories":[104,1],"tags":[],"class_list":["post-5254","post","type-post","status-publish","format-standard","has-post-thumbnail","hentry","category-actualidad-profesional","category-sin-categoria"],"aioseo_notices":[],"wps_subtitle":"","_links":{"self":[{"href":"https:\/\/blog2.talentoteca.es\/blog\/wp-json\/wp\/v2\/posts\/5254","targetHints":{"allow":["GET"]}}],"collection":[{"href":"https:\/\/blog2.talentoteca.es\/blog\/wp-json\/wp\/v2\/posts"}],"about":[{"href":"https:\/\/blog2.talentoteca.es\/blog\/wp-json\/wp\/v2\/types\/post"}],"author":[{"embeddable":true,"href":"https:\/\/blog2.talentoteca.es\/blog\/wp-json\/wp\/v2\/users\/53"}],"replies":[{"embeddable":true,"href":"https:\/\/blog2.talentoteca.es\/blog\/wp-json\/wp\/v2\/comments?post=5254"}],"version-history":[{"count":3,"href":"https:\/\/blog2.talentoteca.es\/blog\/wp-json\/wp\/v2\/posts\/5254\/revisions"}],"predecessor-version":[{"id":5276,"href":"https:\/\/blog2.talentoteca.es\/blog\/wp-json\/wp\/v2\/posts\/5254\/revisions\/5276"}],"wp:featuredmedia":[{"embeddable":true,"href":"https:\/\/blog2.talentoteca.es\/blog\/wp-json\/wp\/v2\/media\/5274"}],"wp:attachment":[{"href":"https:\/\/blog2.talentoteca.es\/blog\/wp-json\/wp\/v2\/media?parent=5254"}],"wp:term":[{"taxonomy":"category","embeddable":true,"href":"https:\/\/blog2.talentoteca.es\/blog\/wp-json\/wp\/v2\/categories?post=5254"},{"taxonomy":"post_tag","embeddable":true,"href":"https:\/\/blog2.talentoteca.es\/blog\/wp-json\/wp\/v2\/tags?post=5254"}],"curies":[{"name":"wp","href":"https:\/\/api.w.org\/{rel}","templated":true}]}}